{"id":312,"date":"2017-03-13T00:46:12","date_gmt":"2017-03-12T23:46:12","guid":{"rendered":"http:\/\/www.funerariajosecarlos.es\/?p=312"},"modified":"2019-01-28T01:29:33","modified_gmt":"2019-01-28T00:29:33","slug":"incineraciones-crematorio-avila","status":"publish","type":"post","link":"https:\/\/www.funerariajosecarlos.es\/index.php\/2017\/03\/13\/incineraciones-crematorio-avila\/","title":{"rendered":"Jos\u00e9  Carlos S\u00e1nchez- \u00c1vila &#8211; Incineraciones-Crematorio"},"content":{"rendered":"<p>Estamos para ayudarles.<\/p>\n","protected":false},"excerpt":{"rendered":"<p>Estamos para ayudarles.<\/p>\n","protected":false},"author":1,"featured_media":0,"comment_status":"open","ping_status":"open","sticky":false,"template":"","format":"standard","meta":{"ngg_post_thumbnail":0,"footnotes":""},"categories":[1],"tags":[],"class_list":["post-312","post","type-post","status-publish","format-standard","hentry","category-sin-categoria"],"_links":{"self":[{"href":"https:\/\/www.funerariajosecarlos.es\/index.php\/wp-json\/wp\/v2\/posts\/312","targetHints":{"allow":["GET"]}}],"collection":[{"href":"https:\/\/www.funerariajosecarlos.es\/index.php\/wp-json\/wp\/v2\/posts"}],"about":[{"href":"https:\/\/www.funerariajosecarlos.es\/index.php\/wp-json\/wp\/v2\/types\/post"}],"author":[{"embeddable":true,"href":"https:\/\/www.funerariajosecarlos.es\/index.php\/wp-json\/wp\/v2\/users\/1"}],"replies":[{"embeddable":true,"href":"https:\/\/www.funerariajosecarlos.es\/index.php\/wp-json\/wp\/v2\/comments?post=312"}],"version-history":[{"count":3,"href":"https:\/\/www.funerariajosecarlos.es\/index.php\/wp-json\/wp\/v2\/posts\/312\/revisions"}],"predecessor-version":[{"id":435,"href":"https:\/\/www.funerariajosecarlos.es\/index.php\/wp-json\/wp\/v2\/posts\/312\/revisions\/435"}],"wp:attachment":[{"href":"https:\/\/www.funerariajosecarlos.es\/index.php\/wp-json\/wp\/v2\/media?parent=312"}],"wp:term":[{"taxonomy":"category","embeddable":true,"href":"https:\/\/www.funerariajosecarlos.es\/index.php\/wp-json\/wp\/v2\/categories?post=312"},{"taxonomy":"post_tag","embeddable":true,"href":"https:\/\/www.funerariajosecarlos.es\/index.php\/wp-json\/wp\/v2\/tags?post=312"}],"curies":[{"name":"wp","href":"https:\/\/api.w.org\/{rel}","templated":true}]}}